{"id":30572,"date":"2022-09-02T19:29:38","date_gmt":"2022-09-02T23:29:38","guid":{"rendered":"https:\/\/coalitionpa.myftp.org\/?p=30572"},"modified":"2022-09-02T19:49:31","modified_gmt":"2022-09-02T23:49:31","slug":"oswiadczenie-koalicji-polonii-amerykanskiej-w-sprawie-raportu-o-stratach-poniesionych-przez-polske","status":"publish","type":"post","link":"https:\/\/coalitionap.myftp.org\/index.php\/2022\/09\/02\/oswiadczenie-koalicji-polonii-amerykanskiej-w-sprawie-raportu-o-stratach-poniesionych-przez-polske\/","title":{"rendered":"O\u015bwiadczenie Koalicji Polonii Ameryka\u0144skiej w sprawie Raportu o Stratach Poniesionych przez Polsk\u0119"},"content":{"rendered":"\n<p>W dniu dzisiejszym, w 83 rocznic\u0119 napa\u015bci Niemiec hitlerowskich na Polsk\u0119, Rz\u0105d Rzeczypospolitej Polskiej przedstawi\u0142 d\u0142ugo oczekiwany <strong>Raport o Stratach w Wyniku Agresji i Okupacji Niemieckiej w czasie II Wojny \u015awiatowej 1939-1945<\/strong>.\u00a0<\/p>\n\n\n\n<p>Raport w spos\u00f3b szczeg\u00f3\u0142owy wylicza straty ludzkie oraz materialne poniesione przez Polsk\u0119 nie tylko na skutek dzia\u0142a\u0144 wojennych, ale przede wszystkim w wyniku zaplanowanego, metodycznego dzia\u0142ania Niemiec maj\u0105cego na celu wymordowanie ludno\u015bci oraz trwa\u0142e zniszczenie Pa\u0144stwa Polskiego.&nbsp; Raport o stratach wojennych powstawa\u0142 przez ostatnie 5 lat.&nbsp; Zosta\u0142 on przygotowany przez Zesp\u00f3\u0142 Sejmowy kierowany prze pos\u0142a Arkadiusza Mularczyka oraz zaproszonych ekspert\u00f3w.&nbsp; W czasie II Wojny \u015awiatowej zgin\u0119\u0142o i zosta\u0142o zamordowanych 5,2 miliona obywateli polskich, co stanowi 15% ca\u0142ej populacji.&nbsp; Og\u00f3\u0142em straty zosta\u0142y wyliczone na 6.220.609 mln z\u0142otych, czyli 1.532.170 mln dolar\u00f3w.&nbsp; Warto pami\u0119ta\u0107, \u017ce <strong>Polska jest jedynym krajem w Europie, kt\u00f3ry nigdy nie otrzyma\u0142 rekompensaty finansowej ze strony Niemiec za straty ludno\u015bciowe i materialne poniesione podczas II Wojny \u015awiatowej<\/strong>.&nbsp;<\/p>\n\n\n\n<p>Raport o polskich stratach wojennych zosta\u0142 przedstawiony stronie niemieckiej i powinien by\u0107 on przedmiotem rozm\u00f3w i negocjacji.&nbsp; Og\u0142oszenie Raportu to wydarzenie o charakterze historycznym zar\u00f3wno dla Polski jak i Niemiec.&nbsp; Stwarza ono nadziej\u0119 na zbudowanie wzajemnych relacji z prawdziwym poszanowaniem godno\u015bci ofiar ludzkich w czasie II Wojny \u015awiatowej.&nbsp; Koalicja Polonii Ameryka\u0144skiej uznaje dzia\u0142ania Rz\u0105du Polskiego zwi\u0105zane z Raportem o stratach wojennych za spraw\u0119 priorytetow\u0105 i&nbsp;wymagaj\u0105c\u0105 wsparcia.&nbsp; Wzywamy Poloni\u0119 Ameryka\u0144sk\u0105 oraz Rodak\u00f3w do wspierania dzia\u0142a\u0144 Rz\u0105du Polskiego w tej sprawie.&nbsp; Apelujemy do os\u00f3b publicznych oraz do stronnictw politycznych w Kraju o&nbsp;jedno\u015b\u0107 dotycz\u0105c\u0105 roszcze\u0144 wojennych oraz, pomimo istotnych r\u00f3\u017cnic politycznych, popierania dzia\u0142a\u0144 Rz\u0105du i Pa\u0144stwa Polskiego w tej sprawie.&nbsp; Wymaga tego zar\u00f3wno polska racja stanu jak te\u017c i&nbsp;przysz\u0142e dobros\u0105siedzkie stosunki z narodem i Pa\u0144stwem Niemieckim.&nbsp; Apelujemy tak\u017ce do w\u0142adz Pa\u0144stwa niemieckiego, aby w duchu zgodno\u015bci ze swoim stwierdzeniem o \u201eprzyj\u0119ciu odpowiedzialno\u015bci moralnej za wywo\u0142anie II Wojny \u015awiatowej\u201d przyst\u0105pi\u0142y w dobrej woli do negocjacji z Polsk\u0105 w kwestii odpowiedzialno\u015bci finansowej.<\/p>\n\n\n\n<p>Polska ma prawo oczekiwa\u0107 na arenie mi\u0119dzynarodowej wsparcia ze strony Stan\u00f3w Zjednoczonych, Wielkiej Brytanii oraz Francji w sprawie roszcze\u0144 za straty wojenne.&nbsp; Ma do tego prawo nie tylko jako by\u0142y sojusznik podczas wojny, ale tak\u017ce jako jedyna ofiara tej wojny, kt\u00f3rej straty nigdy nie by\u0142y zrekompensowane.&nbsp;<\/p>\n\n\n\n<p>Apelujemy do spo\u0142eczno\u015bci polonijnej w Stanach Zjednoczonych o <strong><a href=\"https:\/\/coalitionpa.myftp.org\/index.php\/2ww-resolution-2021\/\" target=\"_blank\" rel=\"noreferrer noopener\" title=\"\">wsparcie Rezolucji H.Res.664<\/a><\/strong> Izby Reprezentant\u00f3w Kongresu USA.\u00a0 Ta wa\u017cna dla Polski i Polonii rezolucja zosta\u0142a zaproponowana w Izbie Reprezentant\u00f3w Kongresu USA przez kongresmana Thomasa R. Suozzi (D-NY) przy wsp\u00f3\u0142pracy z Poloni\u0105 i jej organizacjami, w tym r\u00f3wnie\u017c z cz\u0142onkami naszej organizacji.\u00a0 Jej celem jest upami\u0119tnienie tragicznej historii Polski okresu II Wojny \u015awiatowej oraz przeciwstawienie si\u0119 fa\u0142szywym mitom i narracjom dotycz\u0105cym udzia\u0142u Polski i Polak\u00f3w w tych wydarzeniach. \u00a0Rezolucja ta stawia Polsk\u0119 i jej straty wojenne na porz\u0105dku obrad Kongresu USA. \u00a0Mo\u017ce ona by\u0107 zatem narz\u0119dziem domagania si\u0119 od Stan\u00f3w Zjednoczonych nacisku w sprawie rekompensaty za straty wojenne ze strony Niemiec.\u00a0 Wi\u0119cej informacji oraz szczeg\u00f3\u0142owe instrukcje potrzebne do skontaktowania si\u0119 z cz\u0142onkami Kongresu USA znajduj\u0105 si\u0119 na stronie internetowej Koalicji: <a href=\"http:\/\/www.coalitionpa.org\">www.coalitionpa.org<\/a>.\u00a0 B\u0119dzie to istotnym i realnym udzia\u0142em Polonii we wspieraniu wysi\u0142k\u00f3w Rz\u0105du RP w celu uzyskania nale\u017cnych rekompensat.<\/p>\n\n\n\n<p>Koalicja Polonii Ameryka\u0144skiej jest og\u00f3lnokrajow\u0105 organizacj\u0105 spo\u0142eczno-polityczn\u0105 powo\u0142an\u0105 w celu reprezentowania interes\u00f3w Amerykan\u00f3w polskiego pochodzenia. &nbsp;Zosta\u0142a ona za\u0142o\u017cona w 2017 roku.&nbsp;<\/p>\n\n\n\n<p>1 wrze\u015bnia 2022 r.<\/p>\n","protected":false},"excerpt":{"rendered":"<p>W dniu dzisiejszym, w 83 rocznic\u0119 napa\u015bci Niemiec hitlerowskich na Polsk\u0119, Rz\u0105d Rzeczypospolitej Polskiej przedstawi\u0142 d\u0142ugo oczekiwany Raport o Stratach w Wyniku Agresji i Okupacji Niemieckiej w czasie II Wojny \u015awiatowej 1939-1945.\u00a0 Raport w spos\u00f3b szczeg\u00f3\u0142owy wylicza straty ludzkie oraz materialne poniesione przez Polsk\u0119 nie tylko na skutek dzia\u0142a\u0144 wojennych, ale przede wszystkim w wyniku [&hellip;]<\/p>\n","protected":false},"author":9,"featured_media":30571,"comment_status":"closed","ping_status":"open","sticky":false,"template":"","format":"standard","meta":{"om_disable_all_campaigns":false,"_monsterinsights_skip_tracking":false,"_monsterinsights_sitenote_active":false,"_monsterinsights_sitenote_note":"","_monsterinsights_sitenote_category":0,"footnotes":""},"categories":[142,18,20,108],"tags":[120],"class_list":["post-30572","post","type-post","status-publish","format-standard","has-post-thumbnail","hentry","category-attack-on-poland","category-government","category-press","category-truth-in-history","tag-plpl"],"_links":{"self":[{"href":"https:\/\/coalitionap.myftp.org\/index.php\/wp-json\/wp\/v2\/posts\/30572","targetHints":{"allow":["GET"]}}],"collection":[{"href":"https:\/\/coalitionap.myftp.org\/index.php\/wp-json\/wp\/v2\/posts"}],"about":[{"href":"https:\/\/coalitionap.myftp.org\/index.php\/wp-json\/wp\/v2\/types\/post"}],"author":[{"embeddable":true,"href":"https:\/\/coalitionap.myftp.org\/index.php\/wp-json\/wp\/v2\/users\/9"}],"replies":[{"embeddable":true,"href":"https:\/\/coalitionap.myftp.org\/index.php\/wp-json\/wp\/v2\/comments?post=30572"}],"version-history":[{"count":3,"href":"https:\/\/coalitionap.myftp.org\/index.php\/wp-json\/wp\/v2\/posts\/30572\/revisions"}],"predecessor-version":[{"id":30577,"href":"https:\/\/coalitionap.myftp.org\/index.php\/wp-json\/wp\/v2\/posts\/30572\/revisions\/30577"}],"wp:featuredmedia":[{"embeddable":true,"href":"https:\/\/coalitionap.myftp.org\/index.php\/wp-json\/wp\/v2\/media\/30571"}],"wp:attachment":[{"href":"https:\/\/coalitionap.myftp.org\/index.php\/wp-json\/wp\/v2\/media?parent=30572"}],"wp:term":[{"taxonomy":"category","embeddable":true,"href":"https:\/\/coalitionap.myftp.org\/index.php\/wp-json\/wp\/v2\/categories?post=30572"},{"taxonomy":"post_tag","embeddable":true,"href":"https:\/\/coalitionap.myftp.org\/index.php\/wp-json\/wp\/v2\/tags?post=30572"}],"curies":[{"name":"wp","href":"https:\/\/api.w.org\/{rel}","templated":true}]}}