{"id":30891,"date":"2023-01-14T23:51:05","date_gmt":"2023-01-15T03:51:05","guid":{"rendered":"https:\/\/coalitionpa.myftp.org\/?p=30891"},"modified":"2023-10-11T18:48:05","modified_gmt":"2023-10-11T22:48:05","slug":"dziedzictwo-wielkiego-papieza-benedykta-xvi","status":"publish","type":"post","link":"https:\/\/coalitionap.myftp.org\/index.php\/2023\/01\/14\/dziedzictwo-wielkiego-papieza-benedykta-xvi\/","title":{"rendered":"Dziedzictwo wielkiego papie\u017ca Benedykta XVI"},"content":{"rendered":"\n<p>Ma\u0142gorzata Jaroszek<\/p>\n\n\n\n<p>W Wigili\u0119 uroczysto\u015bci \u015bwi\u0119tej Bo\u017cej Rodzicielki, ostatniego dnia 2022 roku odszed\u0142 do domu ojca wybitny teolog, arcybiskup metropolita Monachium i Freising, dziekan Kolegium Kardynalskiego, papie\u017c emeryt Benedykt XVI. To dla wszystkich wierz\u0105cych wielka strata. Wraz z tym wydarzeniem zamkn\u0119\u0142a si\u0119 pewna karta historii ko\u015bcio\u0142a katolickiego, zwi\u0105zana z kontynuacj\u0105 dziedzictwa Jana Paw\u0142a II. Zalicza\u0142 si\u0119 on do jednego z najm\u0105drzejszych teolog\u00f3w i papie\u017cy \u015bwiata. By\u0142 najd\u0142u\u017cej \u017cyj\u0105cym nast\u0119pc\u0105 \u015bw. Piotra w dziejach ko\u015bcio\u0142a. Mia\u0142 8 doktorat\u00f3w, zna\u0142 10 j\u0119zyk\u00f3w i by\u0142 autorem ponad 160 ksi\u0105\u017cek. Joseph Ratzinger przyszed\u0142 na \u015bwiat w Wielk\u0105 Sobot\u0119 16 kwietnia 1927 w malowniczym bawarskim mie\u015bcie Marktl po\u0142o\u017conym nad rzek\u0105 Inn, jako trzecie dziecko kucharki i policjanta. Ju\u017c jako papie\u017c Benedykt XVI wspomina\u0142 po latach, \u017ce ojciec da\u0142 mu krytyczny umys\u0142, za\u015b matka obdarzy\u0142a go serdecznym zmys\u0142em religijnym. Mia\u0142 siostr\u0119 Mari\u0119 i brata Georga, kt\u00f3ry r\u00f3wnie\u017c by\u0142 ksi\u0119dzem i dyrygentem ch\u00f3r\u00f3w ko\u015bcielnych. Joseph Ratzinger b\u0119d\u0105c ma\u0142ym ch\u0142opcem zapisa\u0142 na kartce, \u017ce \u201echcia\u0142by zachowa\u0107 na zawsze wiar\u0119 w swoim sercu\u201d. By\u0142 pokornym kap\u0142anem, strzeg\u0105cym przez ca\u0142e \u017cycie wiary przekazanej przez rodzic\u00f3w. Jego przedwczesne przej\u015bcie na emerytur\u0119 by\u0142o wielkim zaskoczeniem dla katolik\u00f3w i niepokojem o przysz\u0142o\u015b\u0107 ko\u015bcio\u0142a. Joseph Ratzinger by\u0142 prefektem Kongregacji Nauki i Wiary, a zarazem obro\u0144c\u0105 tradycyjnych warto\u015bci chrze\u015bcija\u0144skich. Jego nauczanie cechowa\u0142o si\u0119 niezwyk\u0142\u0105 wra\u017cliwo\u015bci\u0105, mi\u0142o\u015bci\u0105 do Boga i cz\u0142owieka, by\u0142o przepe\u0142nione nadziej\u0105 i g\u0142\u0119bok\u0105 wiar\u0105. Przejawia\u0142 tward\u0105 postaw\u0119 wobec tendencji, kt\u00f3re zmienia\u0142y nauczanie Ko\u015bcio\u0142a, dlatego te\u017c nazywano go pancernym kardyna\u0142em. Tu\u017c po obj\u0119ciu stolicy apostolskiej zdoby\u0142 szacunek, zaufanie i sympati\u0119 Polak\u00f3w jako przyjaciel i najbli\u017cszy wsp\u00f3\u0142pracownik Jana Paw\u0142a II. Zasiada\u0142 na tronie piotrowym od 19 kwietnia 2005 do 28 lutego 2013 roku. Podczas swojego pontyfikatu odby\u0142 24 podr\u00f3\u017ce zagraniczne. Przewodniczy\u0142 on 11 obrz\u0119dom kanonizacji, w czasie kt\u00f3rych og\u0142osi\u0142 \u015bwi\u0119tymi 45 os\u00f3b, w tym 5 Polak\u00f3w: J\u00f3zefa Bilczewskiego, Stanis\u0142awa So\u0142tysa (Kazimierczyka), Szymona z Lipnicy, Zygmunta Szcz\u0119snego Feli\u0144skiego i Zygmunta Gorazdowskiego. Joseph Ratzinger wyni\u00f3s\u0142 na o\u0142tarze 870 b\u0142ogos\u0142awionych, w tym swojego poprzednika Jana Paw\u0142a II i za to nar\u00f3d polski jest mu ogromnie wdzi\u0119czny, \u017ce przyspieszy\u0142 proces beatyfikacyjny papie\u017ca Polaka.<\/p>\n\n\n\n<p>Benedykt XVI b\u0119d\u0105c w 2006 roku w Polsce odwiedzi\u0142 mi\u0119dzy innymi Cz\u0119stochow\u0119, Wadowice, Kalwari\u0119 Zebrzydowsk\u0105, Krak\u00f3w i O\u015bwi\u0119cim. G\u0142osi\u0142 wtedy do wiernych \u201eNiech nie zabraknie \u015bwiatu waszego \u015bwiadectwa\u201d.<\/p>\n\n\n\n<p>Jednym z wa\u017cniejszych dokument\u00f3w papie\u017ca jest encyklika B\u00f3g jest mi\u0142o\u015bci\u0105 &#8211; Deus Caritas Est. Ksi\u0105\u017cka Jezus z Nazaretu, autorstwa Benedykta XVI jest odpowiedzi\u0105 na wsp\u00f3\u0142czesny kryzys wiary. Powinna ona by\u0107 obowi\u0105zkow\u0105 lektur\u0105 dla wszystkich chrze\u015bcijan, gdy\u017c ukazuje ona wsp\u00f3\u0142czesnemu cz\u0142owiekowi kim naprawd\u0119 by\u0142 i jest Jezus Chrystus.<\/p>\n\n\n\n<p>Niech testamentem pozostawionym przez wielkiego papie\u017ca b\u0119dzie przes\u0142anie: \u201eOstatnim s\u0142owem historii \u015bwiata b\u0119dzie zwyci\u0119stwo mi\u0142o\u015bci\u201d.<\/p>\n\n\n\n<p>Benedykt XVI wzywa\u0142 kap\u0142an\u00f3w, by z odwag\u0105 g\u0142osili Ewangeli\u0119 na emigracji, tam gdzie brakuje aposto\u0142\u00f3w dobrej nowiny. \u201cKap\u0142ani polscy, nie b\u00f3jcie si\u0119 opu\u015bci\u0107 wasz bezpieczny i znany \u015bwiat, by s\u0142u\u017cy\u0107 tam, gdzie brak kap\u0142an\u00f3w i gdzie wasza wielkoduszno\u015b\u0107 przyniesie wielokrotne owoce!\u201d \u2013 m\u00f3wi\u0142 ojciec \u015bwi\u0119ty.<\/p>\n\n\n\n<p>Joseph Ratzinger pozostawi\u0142 po sobie wielkie dziedzictwo i to od nas zale\u017cy, w jaki spos\u00f3b b\u0119dziemy z niego korzysta\u0107. Zar\u00f3wno papie\u017c Jan Pawe\u0142 II jak i Benedykt XVI przemierzali drog\u0119 do domu ojca w wielkim b\u00f3lu i cierpieniu, zachowuj\u0105c przy tym pokor\u0119 i ufno\u015b\u0107 w Bogu. Tu\u017c przed \u015bmierci\u0105 Karol Wojty\u0142a wypowiedzia\u0142 Totus Tuus &#8211; Ca\u0142y tw\u00f3j, za\u015b jego nast\u0119pca wyzna\u0142 mi\u0142o\u015b\u0107 do Boga s\u0142owami Jezu kocham Ci\u0119.<\/p>\n\n\n\n<p>Dzi\u0119kuj\u0105c Bogu za \u017cycie i pos\u0142ug\u0119 Benedykta XVI wierzymy, \u017ce razem ze \u015bw. Janem Paw\u0142em II wyprosz\u0105 potrzebne \u0142aski dla naszej ojczyzny, pok\u00f3j na \u015bwiecie i jedno\u015b\u0107 ko\u015bcio\u0142a katolickiego.<\/p>\n","protected":false},"excerpt":{"rendered":"<p>Ma\u0142gorzata Jaroszek W Wigili\u0119 uroczysto\u015bci \u015bwi\u0119tej Bo\u017cej Rodzicielki, ostatniego dnia 2022 roku odszed\u0142 do domu ojca wybitny teolog, arcybiskup metropolita Monachium i Freising, dziekan Kolegium Kardynalskiego, papie\u017c emeryt Benedykt XVI. To dla wszystkich wierz\u0105cych wielka strata. Wraz z tym wydarzeniem zamkn\u0119\u0142a si\u0119 pewna karta historii ko\u015bcio\u0142a katolickiego, zwi\u0105zana z kontynuacj\u0105 dziedzictwa Jana Paw\u0142a II. Zalicza\u0142 [&hellip;]<\/p>\n","protected":false},"author":14,"featured_media":30892,"comment_status":"closed","ping_status":"open","sticky":false,"template":"","format":"standard","meta":{"om_disable_all_campaigns":false,"_monsterinsights_skip_tracking":false,"_monsterinsights_sitenote_active":false,"_monsterinsights_sitenote_note":"","_monsterinsights_sitenote_category":0,"footnotes":""},"categories":[19],"tags":[120],"class_list":["post-30891","post","type-post","status-publish","format-standard","has-post-thumbnail","hentry","category-news","tag-plpl"],"_links":{"self":[{"href":"https:\/\/coalitionap.myftp.org\/index.php\/wp-json\/wp\/v2\/posts\/30891","targetHints":{"allow":["GET"]}}],"collection":[{"href":"https:\/\/coalitionap.myftp.org\/index.php\/wp-json\/wp\/v2\/posts"}],"about":[{"href":"https:\/\/coalitionap.myftp.org\/index.php\/wp-json\/wp\/v2\/types\/post"}],"author":[{"embeddable":true,"href":"https:\/\/coalitionap.myftp.org\/index.php\/wp-json\/wp\/v2\/users\/14"}],"replies":[{"embeddable":true,"href":"https:\/\/coalitionap.myftp.org\/index.php\/wp-json\/wp\/v2\/comments?post=30891"}],"version-history":[{"count":1,"href":"https:\/\/coalitionap.myftp.org\/index.php\/wp-json\/wp\/v2\/posts\/30891\/revisions"}],"predecessor-version":[{"id":30893,"href":"https:\/\/coalitionap.myftp.org\/index.php\/wp-json\/wp\/v2\/posts\/30891\/revisions\/30893"}],"wp:featuredmedia":[{"embeddable":true,"href":"https:\/\/coalitionap.myftp.org\/index.php\/wp-json\/wp\/v2\/media\/30892"}],"wp:attachment":[{"href":"https:\/\/coalitionap.myftp.org\/index.php\/wp-json\/wp\/v2\/media?parent=30891"}],"wp:term":[{"taxonomy":"category","embeddable":true,"href":"https:\/\/coalitionap.myftp.org\/index.php\/wp-json\/wp\/v2\/categories?post=30891"},{"taxonomy":"post_tag","embeddable":true,"href":"https:\/\/coalitionap.myftp.org\/index.php\/wp-json\/wp\/v2\/tags?post=30891"}],"curies":[{"name":"wp","href":"https:\/\/api.w.org\/{rel}","templated":true}]}}