{"id":3602,"date":"2020-07-18T00:39:45","date_gmt":"2020-07-18T04:39:45","guid":{"rendered":"https:\/\/coalitionpa.myftp.org\/?p=3602"},"modified":"2020-08-26T02:51:31","modified_gmt":"2020-08-26T06:51:31","slug":"gratulacje-dla-pana-prezydenta-rp-dr-andrzeja-dudy-z-okazji-ponownego-wyboru-na-urzad-prezydenta-rp","status":"publish","type":"post","link":"https:\/\/coalitionap.myftp.org\/index.php\/2020\/07\/18\/gratulacje-dla-pana-prezydenta-rp-dr-andrzeja-dudy-z-okazji-ponownego-wyboru-na-urzad-prezydenta-rp\/","title":{"rendered":"Gratulacje dla Pana Prezydenta RP dr Andrzeja Dudy z okazji ponownego wyboru na urz\u0105d Prezydenta RP"},"content":{"rendered":"<p>Koalicja Polonii Ameryka\u0144skiej (CPA) skupiaj\u0105ca \u015brodowiska patriotyczno-niepodleg\u0142o\u015bciowe Polonii w USA serdecznie gratuluje Panu Prezydentowi <span style=\"color: #3366ff;\"><a style=\"color: #3366ff;\" href=\"https:\/\/wybory.gov.pl\/prezydent20200628\/\" target=\"_blank\" rel=\"noopener noreferrer\">ponownego wyboru na urz\u0105d Prezydenta RP<\/a><\/span>.<\/p>\n<p>Cieszy nas bardzo Pa\u0144skie zwyci\u0119stwo wyborcze, kt\u00f3re umo\u017cliwi dalszy rozw\u00f3j wsp\u00f3\u0142pracy pomi\u0119dzy Polsk\u0105 i USA oraz intensyfikacj\u0119 wsp\u00f3lnie rozpocz\u0119tych projekt\u00f3w strategicznych wa\u017cnych dla Rzeczypospolitej Polskiej.<\/p>\n<p>\u017byczymy Panu Prezydentowi dalszych sukces\u00f3w i pomy\u015blno\u015bci w dzia\u0142aniu dla dobra naszego Narodu i Polski.\u00a0 Niech \u017byje Polska!<\/p>\n<p>Z najwy\u017cszym uszanowaniem,<\/p>\n<p>&nbsp;<\/p>\n<p>W imieniu Koalicji Polonii Ameryka\u0144skiej<\/p>\n<p>Stanis\u0142aw \u015aliwowski, Prezes<\/p>\n<p>Walter Wies\u0142aw Go\u0142\u0119biewski, Vice-prezes do Spraw Polskich.<\/p>\n<p>15 lipca 2020<\/p>\n","protected":false},"excerpt":{"rendered":"<p>Koalicja Polonii Ameryka\u0144skiej (CPA) skupiaj\u0105ca \u015brodowiska patriotyczno-niepodleg\u0142o\u015bciowe Polonii w USA serdecznie gratuluje Panu Prezydentowi ponownego wyboru na urz\u0105d Prezydenta RP. Cieszy nas bardzo Pa\u0144skie zwyci\u0119stwo wyborcze, kt\u00f3re umo\u017cliwi dalszy rozw\u00f3j wsp\u00f3\u0142pracy pomi\u0119dzy Polsk\u0105 i USA oraz intensyfikacj\u0119 wsp\u00f3lnie rozpocz\u0119tych projekt\u00f3w strategicznych wa\u017cnych dla Rzeczypospolitej Polskiej. \u017byczymy Panu Prezydentowi dalszych sukces\u00f3w i pomy\u015blno\u015bci w dzia\u0142aniu dla [&hellip;]<\/p>\n","protected":false},"author":13,"featured_media":3605,"comment_status":"closed","ping_status":"open","sticky":false,"template":"","format":"standard","meta":{"om_disable_all_campaigns":false,"_monsterinsights_skip_tracking":false,"_monsterinsights_sitenote_active":false,"_monsterinsights_sitenote_note":"","_monsterinsights_sitenote_category":0,"footnotes":""},"categories":[18,20],"tags":[120],"class_list":["post-3602","post","type-post","status-publish","format-standard","has-post-thumbnail","hentry","category-government","category-press","tag-plpl"],"_links":{"self":[{"href":"https:\/\/coalitionap.myftp.org\/index.php\/wp-json\/wp\/v2\/posts\/3602","targetHints":{"allow":["GET"]}}],"collection":[{"href":"https:\/\/coalitionap.myftp.org\/index.php\/wp-json\/wp\/v2\/posts"}],"about":[{"href":"https:\/\/coalitionap.myftp.org\/index.php\/wp-json\/wp\/v2\/types\/post"}],"author":[{"embeddable":true,"href":"https:\/\/coalitionap.myftp.org\/index.php\/wp-json\/wp\/v2\/users\/13"}],"replies":[{"embeddable":true,"href":"https:\/\/coalitionap.myftp.org\/index.php\/wp-json\/wp\/v2\/comments?post=3602"}],"version-history":[{"count":3,"href":"https:\/\/coalitionap.myftp.org\/index.php\/wp-json\/wp\/v2\/posts\/3602\/revisions"}],"predecessor-version":[{"id":3871,"href":"https:\/\/coalitionap.myftp.org\/index.php\/wp-json\/wp\/v2\/posts\/3602\/revisions\/3871"}],"wp:featuredmedia":[{"embeddable":true,"href":"https:\/\/coalitionap.myftp.org\/index.php\/wp-json\/wp\/v2\/media\/3605"}],"wp:attachment":[{"href":"https:\/\/coalitionap.myftp.org\/index.php\/wp-json\/wp\/v2\/media?parent=3602"}],"wp:term":[{"taxonomy":"category","embeddable":true,"href":"https:\/\/coalitionap.myftp.org\/index.php\/wp-json\/wp\/v2\/categories?post=3602"},{"taxonomy":"post_tag","embeddable":true,"href":"https:\/\/coalitionap.myftp.org\/index.php\/wp-json\/wp\/v2\/tags?post=3602"}],"curies":[{"name":"wp","href":"https:\/\/api.w.org\/{rel}","templated":true}]}}