{"id":3987,"date":"2020-09-24T23:44:01","date_gmt":"2020-09-25T03:44:01","guid":{"rendered":"https:\/\/coalitionpa.myftp.org\/?p=3987"},"modified":"2021-05-31T21:55:12","modified_gmt":"2021-06-01T01:55:12","slug":"odszedl-od-nas-na-wieczny-spoczynek-profesor-andrzej-pitynski","status":"publish","type":"post","link":"https:\/\/coalitionap.myftp.org\/index.php\/2020\/09\/24\/odszedl-od-nas-na-wieczny-spoczynek-profesor-andrzej-pitynski\/","title":{"rendered":"Odszed\u0142 od nas na wieczny spoczynek profesor Andrzej Pity\u0144ski"},"content":{"rendered":"<p>Z wielkim \u017calem i smutkiem przyj\u0119li\u015bmy wiadomo\u015b\u0107 o \u015bmierci profesora Andrzeja Pity\u0144skiego wybitnego artysty-rze\u017abiarza \u2013 tw\u00f3rcy wielu polskich patriotycznych pomnik\u00f3w, takich jak: pomnik Katy\u0144ski w New Jersey, pomnik czynu zbrojnego Polonii Ameryka\u0144skiej \u2013 B\u0142\u0119kitnej Armii, pomnik zbrodni na Wo\u0142yniu i wielu, wielu innych.<\/p>\n<p>Polonia i Polacy na \u015bwiecie, pogr\u0105\u017ceni w \u017calu \u017cegnaj\u0105 swego wybitnego brata i obro\u0144c\u0119 prawdy historycznej Polak\u00f3w i Polski. Profesor Andrzej Pity\u0144ski \u017cy\u0107 b\u0119dzie zawsze w naszej pami\u0119ci, jako wybitny tw\u00f3rca i bohater narodowy. Sk\u0142adamy g\u0142\u0119bokie kondolencje Rodzinie zmar\u0142ego.<\/p>\n<p>Cze\u015b\u0107 Jego Pami\u0119ci !<\/p>\n<p>W imieniu Koalicji Polonii Ameryka\u0144skiej<\/p>\n<p>Walter Wies\u0142aw Go\u0142\u0119biewski \u2013 prezes \u015awiatowej Rady Bada\u0144 nad Poloni\u0105, Wiceprezes Koalicji Polonii Ameryka\u0144skiej.<\/p>\n","protected":false},"excerpt":{"rendered":"<p>Z wielkim \u017calem i smutkiem przyj\u0119li\u015bmy wiadomo\u015b\u0107 o \u015bmierci profesora Andrzeja Pity\u0144skiego wybitnego artysty-rze\u017abiarza \u2013 tw\u00f3rcy wielu polskich patriotycznych pomnik\u00f3w, takich jak: pomnik Katy\u0144ski w New Jersey, pomnik czynu zbrojnego Polonii Ameryka\u0144skiej \u2013 B\u0142\u0119kitnej Armii, pomnik zbrodni na Wo\u0142yniu i wielu, wielu innych. Polonia i Polacy na \u015bwiecie, pogr\u0105\u017ceni w \u017calu \u017cegnaj\u0105 swego wybitnego brata [&hellip;]<\/p>\n","protected":false},"author":14,"featured_media":3988,"comment_status":"closed","ping_status":"open","sticky":false,"template":"","format":"standard","meta":{"om_disable_all_campaigns":false,"_monsterinsights_skip_tracking":false,"_monsterinsights_sitenote_active":false,"_monsterinsights_sitenote_note":"","_monsterinsights_sitenote_category":0,"footnotes":""},"categories":[19,122,20],"tags":[120],"class_list":["post-3987","post","type-post","status-publish","format-standard","has-post-thumbnail","hentry","category-news","category-polish-heritage","category-press","tag-plpl"],"_links":{"self":[{"href":"https:\/\/coalitionap.myftp.org\/index.php\/wp-json\/wp\/v2\/posts\/3987","targetHints":{"allow":["GET"]}}],"collection":[{"href":"https:\/\/coalitionap.myftp.org\/index.php\/wp-json\/wp\/v2\/posts"}],"about":[{"href":"https:\/\/coalitionap.myftp.org\/index.php\/wp-json\/wp\/v2\/types\/post"}],"author":[{"embeddable":true,"href":"https:\/\/coalitionap.myftp.org\/index.php\/wp-json\/wp\/v2\/users\/14"}],"replies":[{"embeddable":true,"href":"https:\/\/coalitionap.myftp.org\/index.php\/wp-json\/wp\/v2\/comments?post=3987"}],"version-history":[{"count":2,"href":"https:\/\/coalitionap.myftp.org\/index.php\/wp-json\/wp\/v2\/posts\/3987\/revisions"}],"predecessor-version":[{"id":3990,"href":"https:\/\/coalitionap.myftp.org\/index.php\/wp-json\/wp\/v2\/posts\/3987\/revisions\/3990"}],"wp:featuredmedia":[{"embeddable":true,"href":"https:\/\/coalitionap.myftp.org\/index.php\/wp-json\/wp\/v2\/media\/3988"}],"wp:attachment":[{"href":"https:\/\/coalitionap.myftp.org\/index.php\/wp-json\/wp\/v2\/media?parent=3987"}],"wp:term":[{"taxonomy":"category","embeddable":true,"href":"https:\/\/coalitionap.myftp.org\/index.php\/wp-json\/wp\/v2\/categories?post=3987"},{"taxonomy":"post_tag","embeddable":true,"href":"https:\/\/coalitionap.myftp.org\/index.php\/wp-json\/wp\/v2\/tags?post=3987"}],"curies":[{"name":"wp","href":"https:\/\/api.w.org\/{rel}","templated":true}]}}